{"id":24024,"date":"2024-09-26T09:11:23","date_gmt":"2024-09-26T09:11:23","guid":{"rendered":"https:\/\/vtpower.es\/?p=24024"},"modified":"2025-03-13T10:24:07","modified_gmt":"2025-03-13T10:24:07","slug":"vt-batteries-y-andel-firman-un-acuerdo-de-comercializacion-a-nivel-internacional","status":"publish","type":"post","link":"https:\/\/vtpower.es\/en\/blog\/2024\/09\/26\/vt-batteries-y-andel-firman-un-acuerdo-de-comercializacion-a-nivel-internacional\/","title":{"rendered":"VTBatteries and ANDEL sign international marketing agreement"},"content":{"rendered":"<div data-elementor-type=\"wp-post\" data-elementor-id=\"24024\" class=\"elementor elementor-24024\" data-elementor-post-type=\"post\">\n\t\t\t\t\t\t<section class=\"elementor-section elementor-top-section elementor-element elementor-element-f56d18c elementor-section-boxed elementor-section-height-default elementor-section-height-default\" data-id=\"f56d18c\" data-element_type=\"section\" data-e-type=\"section\">\n\t\t\t\t\t\t<div class=\"elementor-container elementor-column-gap-default\">\n\t\t\t\t\t<div class=\"elementor-column elementor-col-100 elementor-top-column elementor-element elementor-element-74f3616\" data-id=\"74f3616\" data-element_type=\"column\" data-e-type=\"column\">\n\t\t\t<div class=\"elementor-widget-wrap elementor-element-populated\">\n\t\t\t\t\t\t<div class=\"elementor-element elementor-element-204d1b7 elementor-widget elementor-widget-spacer\" data-id=\"204d1b7\" data-element_type=\"widget\" data-e-type=\"widget\" data-widget_type=\"spacer.default\">\n\t\t\t\t<div class=\"elementor-widget-container\">\n\t\t\t\t\t\t\t<div class=\"elementor-spacer\">\n\t\t\t<div class=\"elementor-spacer-inner\"><\/div>\n\t\t<\/div>\n\t\t\t\t\t\t<\/div>\n\t\t\t\t<\/div>\n\t\t\t\t\t<\/div>\n\t\t<\/div>\n\t\t\t\t\t<\/div>\n\t\t<\/section>\n\t\t\t\t<section class=\"elementor-section elementor-top-section elementor-element elementor-element-ff7574b elementor-section-boxed elementor-section-height-default elementor-section-height-default\" data-id=\"ff7574b\" data-element_type=\"section\" data-e-type=\"section\">\n\t\t\t\t\t\t<div class=\"elementor-container elementor-column-gap-default\">\n\t\t\t\t\t<div class=\"elementor-column elementor-col-100 elementor-top-column elementor-element elementor-element-a193b5a\" data-id=\"a193b5a\" data-element_type=\"column\" data-e-type=\"column\">\n\t\t\t<div class=\"elementor-widget-wrap elementor-element-populated\">\n\t\t\t\t\t\t<div class=\"elementor-element elementor-element-9eac636 elementor-widget elementor-widget-heading\" data-id=\"9eac636\" data-element_type=\"widget\" data-e-type=\"widget\" data-widget_type=\"heading.default\">\n\t\t\t\t<div class=\"elementor-widget-container\">\n\t\t\t\t\t<h2 class=\"elementor-heading-title elementor-size-default\">VT BATTERIES AND ANDEL SIGN AN INTERNATIONAL MARKETING AGREEMENT<\/h2>\t\t\t\t<\/div>\n\t\t\t\t<\/div>\n\t\t\t\t\t<\/div>\n\t\t<\/div>\n\t\t\t\t\t<\/div>\n\t\t<\/section>\n\t\t\t\t<section class=\"elementor-section elementor-top-section elementor-element elementor-element-7a6b74f elementor-section-boxed elementor-section-height-default elementor-section-height-default\" data-id=\"7a6b74f\" data-element_type=\"section\" data-e-type=\"section\">\n\t\t\t\t\t\t<div class=\"elementor-container elementor-column-gap-default\">\n\t\t\t\t\t<div class=\"elementor-column elementor-col-100 elementor-top-column elementor-element elementor-element-c9d5cb8\" data-id=\"c9d5cb8\" data-element_type=\"column\" data-e-type=\"column\">\n\t\t\t<div class=\"elementor-widget-wrap elementor-element-populated\">\n\t\t\t\t\t\t<div class=\"elementor-element elementor-element-306f5d7 elementor-widget-divider--view-line elementor-widget elementor-widget-divider\" data-id=\"306f5d7\" data-element_type=\"widget\" data-e-type=\"widget\" data-widget_type=\"divider.default\">\n\t\t\t\t<div class=\"elementor-widget-container\">\n\t\t\t\t\t\t\t<div class=\"elementor-divider\">\n\t\t\t<span class=\"elementor-divider-separator\">\n\t\t\t\t\t\t<\/span>\n\t\t<\/div>\n\t\t\t\t\t\t<\/div>\n\t\t\t\t<\/div>\n\t\t\t\t\t<\/div>\n\t\t<\/div>\n\t\t\t\t\t<\/div>\n\t\t<\/section>\n\t\t\t\t<section class=\"elementor-section elementor-top-section elementor-element elementor-element-1476e36 elementor-section-boxed elementor-section-height-default elementor-section-height-default\" data-id=\"1476e36\" data-element_type=\"section\" data-e-type=\"section\">\n\t\t\t\t\t\t<div class=\"elementor-container elementor-column-gap-default\">\n\t\t\t\t\t<div class=\"elementor-column elementor-col-100 elementor-top-column elementor-element elementor-element-7030034\" data-id=\"7030034\" data-element_type=\"column\" data-e-type=\"column\">\n\t\t\t<div class=\"elementor-widget-wrap elementor-element-populated\">\n\t\t\t\t\t\t<div class=\"elementor-element elementor-element-1596c43 elementor-widget__width-initial elementor-widget-tablet__width-initial elementor-widget elementor-widget-text-editor\" data-id=\"1596c43\" data-element_type=\"widget\" data-e-type=\"widget\" data-widget_type=\"text-editor.default\">\n\t\t\t\t<div class=\"elementor-widget-container\">\n\t\t\t\t\t\t\t\t\t<h4 data-start=\"0\" data-end=\"98\"><strong data-start=\"0\" data-end=\"98\">VT Batteries and ANDEL: A Strategic Alliance for International Distribution\u00a0<\/strong><\/h4><p data-start=\"100\" data-end=\"430\">In the recent <strong data-start=\"115\" data-end=\"156\">Automechanika Frankfurt 2024 trade fair<\/strong>VT Batteries and <strong data-start=\"173\" data-end=\"182\">ANDEL<\/strong> formalized a strategic alliance that promises to transform international auto parts distribution. This collaboration opens new doors for both brands, consolidating their presence in key markets of the world. <strong data-start=\"393\" data-end=\"403\">Europe<\/strong>, <strong data-start=\"405\" data-end=\"415\">Africa<\/strong> y <strong data-start=\"418\" data-end=\"429\">America<\/strong>.<\/p><h5 data-start=\"432\" data-end=\"490\">\u00a0<\/h5><h5 data-start=\"432\" data-end=\"490\"><strong data-start=\"432\" data-end=\"490\">ANDEL: A Key Partner in Auto Parts Distribution<\/strong><\/h5><p data-start=\"492\" data-end=\"967\">ANDEL, recognized for its solid expertise in the logistics and distribution of automotive spare parts, is positioned as a major player in the sector. With five key facilities in the Iberian Peninsula, the company operates in Seville (3600 m\u00b2), Malaga (2000 m\u00b2), Madrid (3200 m\u00b2), Barcelona (1500 m\u00b2) and Porto (2400 m\u00b2). These infrastructures allow ANDEL to maintain an efficient distribution system, guaranteeing fast and high quality service.<\/p><p data-start=\"969\" data-end=\"1301\">The partnership with VT Batteries takes ANDEL beyond the borders of the Iberian Peninsula, extending its reach globally. Thanks to this partnership, ANDEL will be able to strengthen its presence in international markets, reinforcing its distribution network and offering its products more effectively on a global scale.<\/p><h5 data-start=\"1303\" data-end=\"1356\"><strong data-start=\"1303\" data-end=\"1356\">VT Batteries: Leading International Expansion<\/strong><\/h5><p data-start=\"1358\" data-end=\"1764\">VT Batteries, a recognized brand in the battery and auto parts industry, will lead ANDEL's international expansion. This agreement allows VT Batteries to leverage its vast experience in international markets and its logistical capacity, facilitating the commercialization of a wide range of products in the following countries. <strong data-start=\"1672\" data-end=\"1682\">Europe<\/strong>, <strong data-start=\"1684\" data-end=\"1694\">Africa<\/strong> y <strong data-start=\"1697\" data-end=\"1708\">America<\/strong>.<\/p><h4 data-start=\"2309\" data-end=\"2375\">\u00a0<\/h4><h4 data-start=\"2309\" data-end=\"2375\"><strong data-start=\"2309\" data-end=\"2375\">Alliance Benefits: Mutual Growth and Global Expansion<\/strong><\/h4><p data-start=\"2377\" data-end=\"2759\">The collaboration between VT Batteries and ANDEL not only expands the product offering, but also strengthens the ability of both brands to address the growing international demand for quality auto parts. This alliance is based on a shared commitment to <strong data-start=\"2640\" data-end=\"2661\">mutual growth<\/strong>where customer satisfaction and optimization of logistics processes are priorities.<\/p><p data-start=\"2761\" data-end=\"3036\">With this expansion, ANDEL, with its expertise in distribution, will have the opportunity to showcase the quality of its products in new international markets, while VT Batteries will reinforce its leadership in the auto parts sector, opening new lines of business. This agreement marks only the beginning of a relationship that promises much for the future. Both brands continue to focus on international expansion and innovation, always with the aim of providing quality products, optimizing logistics and maintaining a close and satisfactory relationship with customers.<\/p><p data-start=\"3412\" data-end=\"3756\">The alliance between <strong data-start=\"3429\" data-end=\"3453\">VT Batteries and ANDEL<\/strong> not only strengthens their positions in international markets, but also opens up new opportunities to address the global demand for quality auto parts. Both brands are committed to continue growing hand in hand with their customers and collaborators, moving forward together towards a successful future.<\/p><p data-start=\"4185\" data-end=\"4250\"><strong data-start=\"4185\" data-end=\"4250\">Together we continue to move towards a prosperous and global future!<\/strong><\/p>\t\t\t\t\t\t\t\t<\/div>\n\t\t\t\t<\/div>\n\t\t\t\t<div class=\"elementor-element elementor-element-5a09ecf elementor-widget elementor-widget-image\" data-id=\"5a09ecf\" data-element_type=\"widget\" data-e-type=\"widget\" data-widget_type=\"image.default\">\n\t\t\t\t<div class=\"elementor-widget-container\">\n\t\t\t\t\t\t\t\t\t\t\t\t\t\t\t<img fetchpriority=\"high\" decoding=\"async\" width=\"1023\" height=\"387\" src=\"https:\/\/vtpower.es\/wp-content\/uploads\/2024\/09\/Diseno-sin-titulo-17.png\" class=\"attachment-full size-full wp-image-25988\" alt=\"\" srcset=\"https:\/\/vtpower.es\/wp-content\/uploads\/2024\/09\/Diseno-sin-titulo-17.png 1023w, https:\/\/vtpower.es\/wp-content\/uploads\/2024\/09\/Diseno-sin-titulo-17-300x113.png 300w, https:\/\/vtpower.es\/wp-content\/uploads\/2024\/09\/Diseno-sin-titulo-17-768x291.png 768w, https:\/\/vtpower.es\/wp-content\/uploads\/2024\/09\/Diseno-sin-titulo-17-18x7.png 18w, https:\/\/vtpower.es\/wp-content\/uploads\/2024\/09\/Diseno-sin-titulo-17-600x227.png 600w, https:\/\/vtpower.es\/wp-content\/uploads\/2024\/09\/Diseno-sin-titulo-17-64x24.png 64w\" sizes=\"(max-width: 1023px) 100vw, 1023px\" \/>\t\t\t\t\t\t\t\t\t\t\t\t\t\t\t<\/div>\n\t\t\t\t<\/div>\n\t\t\t\t\t<\/div>\n\t\t<\/div>\n\t\t\t\t\t<\/div>\n\t\t<\/section>\n\t\t\t\t<\/div>","protected":false},"excerpt":{"rendered":"<p>VT BATTERIES Y ANDEL FIRMAN UN ACUERDO DE COMERCIALIZACI\u00d3N INTERNACIONAL VT Batteries y ANDEL: Una Alianza Estrat\u00e9gica para la Distribuci\u00f3n Internacional\u00a0 En la reciente feria de Automechanika Frankfurt 2024, VT [&hellip;]<\/p>\n","protected":false},"author":2,"featured_media":25989,"comment_status":"closed","ping_status":"closed","sticky":false,"template":"","format":"standard","meta":{"footnotes":""},"categories":[1],"tags":[],"class_list":["post-24024","post","type-post","status-publish","format-standard","has-post-thumbnail","hentry","category-blog"],"_links":{"self":[{"href":"https:\/\/vtpower.es\/en\/wp-json\/wp\/v2\/posts\/24024","targetHints":{"allow":["GET"]}}],"collection":[{"href":"https:\/\/vtpower.es\/en\/wp-json\/wp\/v2\/posts"}],"about":[{"href":"https:\/\/vtpower.es\/en\/wp-json\/wp\/v2\/types\/post"}],"author":[{"embeddable":true,"href":"https:\/\/vtpower.es\/en\/wp-json\/wp\/v2\/users\/2"}],"replies":[{"embeddable":true,"href":"https:\/\/vtpower.es\/en\/wp-json\/wp\/v2\/comments?post=24024"}],"version-history":[{"count":20,"href":"https:\/\/vtpower.es\/en\/wp-json\/wp\/v2\/posts\/24024\/revisions"}],"predecessor-version":[{"id":26162,"href":"https:\/\/vtpower.es\/en\/wp-json\/wp\/v2\/posts\/24024\/revisions\/26162"}],"wp:featuredmedia":[{"embeddable":true,"href":"https:\/\/vtpower.es\/en\/wp-json\/wp\/v2\/media\/25989"}],"wp:attachment":[{"href":"https:\/\/vtpower.es\/en\/wp-json\/wp\/v2\/media?parent=24024"}],"wp:term":[{"taxonomy":"category","embeddable":true,"href":"https:\/\/vtpower.es\/en\/wp-json\/wp\/v2\/categories?post=24024"},{"taxonomy":"post_tag","embeddable":true,"href":"https:\/\/vtpower.es\/en\/wp-json\/wp\/v2\/tags?post=24024"}],"curies":[{"name":"wp","href":"https:\/\/api.w.org\/{rel}","templated":true}]}}